{"id":3114,"date":"2023-04-25T21:23:14","date_gmt":"2023-04-25T20:23:14","guid":{"rendered":"http:\/\/www.ndclarte-plemet.fr\/?p=3114"},"modified":"2023-04-25T21:23:14","modified_gmt":"2023-04-25T20:23:14","slug":"leloquence-de-lart-de-bien-sexprimer-a-loral","status":"publish","type":"post","link":"http:\/\/www.ndclarte-plemet.fr\/?p=3114","title":{"rendered":"L&rsquo;\u00e9loquence : De l&rsquo;art de bien s&rsquo;exprimer \u00e0 l&rsquo;oral"},"content":{"rendered":"\n<p>Pour pr\u00e9parer les troisi\u00e8mes \u00e0 l&rsquo;oral du Brevet et au-del\u00e0 pour apprendre \u00e0 parler devant un public dans leur vie professionnelle, le coll\u00e8ge a propos\u00e9 aux quatri\u00e8mes et aux troisi\u00e8mes un travail sur l&rsquo;\u00e9loquence. <\/p>\n\n\n\n<p>En plus de l&rsquo;atelier th\u00e9\u00e2tre de Madame Gautier qui propose aux volontaires un atelier th\u00e9\u00e2tre tout au long de l&rsquo;ann\u00e9e, Christophe Dufay de la compagnie Totem de Saint-Brieuc est intervenu aupr\u00e8s des \u00e9l\u00e8ves sur l&rsquo;art de parler en public. Apr\u00e8s une conf\u00e9rence d\u00e9cal\u00e9e donnant \u00e0 entendre diff\u00e9rents textes de la litt\u00e9rature aux \u00e9l\u00e8ves, le com\u00e9dien a travaill\u00e9 avec eux sur le souffle, le son, le sens et les a amen\u00e9 \u00e0 mettre en voix deux petits textes. Appr\u00e9ciez la prestation des coll\u00e9giens dans cette petite vid\u00e9o. <\/p>\n\n\n\n<p>Un moment de partage, d&rsquo;\u00e9change, de formation, d&rsquo;apprentissage&#8230; autrement !<\/p>\n\n\n\n<figure class=\"wp-block-video\"><video height=\"1080\" style=\"aspect-ratio: 1920 \/ 1080;\" width=\"1920\" controls src=\"http:\/\/www.ndclarte-plemet.fr\/wp-content\/uploads\/2023\/04\/leloquence-tout-un-travail.webm\"><\/video><\/figure>\n","protected":false},"excerpt":{"rendered":"<p>Pour pr\u00e9parer les troisi\u00e8mes \u00e0 l&rsquo;oral du Brevet et au-del\u00e0 pour apprendre \u00e0 parler devant un public dans leur vie professionnelle, le coll\u00e8ge a propos\u00e9 aux quatri\u00e8mes et aux troisi\u00e8mes un travail sur l&rsquo;\u00e9loquence. En plus de l&rsquo;atelier th\u00e9\u00e2tre de Madame Gautier qui propose aux volontaires un atelier th\u00e9\u00e2tre tout au long de l&rsquo;ann\u00e9e, Christophe [&hellip;]<\/p>\n","protected":false},"author":3,"featured_media":0,"comment_status":"closed","ping_status":"closed","sticky":false,"template":"","format":"standard","meta":{"footnotes":""},"categories":[1],"tags":[],"class_list":["post-3114","post","type-post","status-publish","format-standard","hentry","category-non-classe","entry"],"_links":{"self":[{"href":"http:\/\/www.ndclarte-plemet.fr\/index.php?rest_route=\/wp\/v2\/posts\/3114","targetHints":{"allow":["GET"]}}],"collection":[{"href":"http:\/\/www.ndclarte-plemet.fr\/index.php?rest_route=\/wp\/v2\/posts"}],"about":[{"href":"http:\/\/www.ndclarte-plemet.fr\/index.php?rest_route=\/wp\/v2\/types\/post"}],"author":[{"embeddable":true,"href":"http:\/\/www.ndclarte-plemet.fr\/index.php?rest_route=\/wp\/v2\/users\/3"}],"replies":[{"embeddable":true,"href":"http:\/\/www.ndclarte-plemet.fr\/index.php?rest_route=%2Fwp%2Fv2%2Fcomments&post=3114"}],"version-history":[{"count":1,"href":"http:\/\/www.ndclarte-plemet.fr\/index.php?rest_route=\/wp\/v2\/posts\/3114\/revisions"}],"predecessor-version":[{"id":3116,"href":"http:\/\/www.ndclarte-plemet.fr\/index.php?rest_route=\/wp\/v2\/posts\/3114\/revisions\/3116"}],"wp:attachment":[{"href":"http:\/\/www.ndclarte-plemet.fr\/index.php?rest_route=%2Fwp%2Fv2%2Fmedia&parent=3114"}],"wp:term":[{"taxonomy":"category","embeddable":true,"href":"http:\/\/www.ndclarte-plemet.fr\/index.php?rest_route=%2Fwp%2Fv2%2Fcategories&post=3114"},{"taxonomy":"post_tag","embeddable":true,"href":"http:\/\/www.ndclarte-plemet.fr\/index.php?rest_route=%2Fwp%2Fv2%2Ftags&post=3114"}],"curies":[{"name":"wp","href":"https:\/\/api.w.org\/{rel}","templated":true}]}}