{"id":3118,"date":"2023-05-15T12:14:03","date_gmt":"2023-05-15T11:14:03","guid":{"rendered":"http:\/\/www.ndclarte-plemet.fr\/?p=3118"},"modified":"2023-05-15T12:14:03","modified_gmt":"2023-05-15T11:14:03","slug":"rencontre-avec-un-ecrivain","status":"publish","type":"post","link":"http:\/\/www.ndclarte-plemet.fr\/?p=3118","title":{"rendered":"Rencontre avec un \u00e9crivain"},"content":{"rendered":"\n<p>Cette ann\u00e9e, dans le cadre du \u00ab\u00a0prix Ados du bassin de Loud\u00e9ac\u00a0\u00bb, organis\u00e9 par Loud\u00e9ac Communaut\u00e9 et les m\u00e9diath\u00e8ques du Bassin, nous avons eu l&rsquo;immense honneur de recevoir deux des \u00e9crivains s\u00e9lectionn\u00e9s pour ce prix. <\/p>\n\n\n\n<p><strong>En mars<\/strong>, nous avons re\u00e7u <strong>Delphine Pessin<\/strong>, Laur\u00e9ate 2023, avec son roman \u00ab\u00a0Mon cheval de bataille\u00a0\u00bb. Pendant 1h30, Elle a r\u00e9pondu aux questions pr\u00e9par\u00e9es par les \u00e9l\u00e8ves de 3e sur sa passion de l&rsquo;\u00e9criture. <\/p>\n\n\n\n<figure class=\"wp-block-image size-large\"><img loading=\"lazy\" decoding=\"async\" width=\"1024\" height=\"473\" src=\"http:\/\/www.ndclarte-plemet.fr\/wp-content\/uploads\/2023\/05\/20230309_144756-1024x473.jpg\" alt=\"\" class=\"wp-image-3127\" srcset=\"http:\/\/www.ndclarte-plemet.fr\/wp-content\/uploads\/2023\/05\/20230309_144756-1024x473.jpg 1024w, http:\/\/www.ndclarte-plemet.fr\/wp-content\/uploads\/2023\/05\/20230309_144756-300x139.jpg 300w, http:\/\/www.ndclarte-plemet.fr\/wp-content\/uploads\/2023\/05\/20230309_144756-1536x710.jpg 1536w, http:\/\/www.ndclarte-plemet.fr\/wp-content\/uploads\/2023\/05\/20230309_144756-2048x947.jpg 2048w\" sizes=\"auto, (max-width: 1024px) 100vw, 1024px\" \/><figcaption class=\"wp-element-caption\">Echange avec Delphine Pessin en Mars 2023<\/figcaption><\/figure>\n\n\n\n<p>La veille du <strong>Salon du livre<\/strong> jeunesse \u00e0 Loud\u00e9ac, les \u00e9tablissements scolaires ayant particip\u00e9 \u00e0 la s\u00e9lection du prix Ados se sont retrouv\u00e9s le temps d&rsquo;une matin\u00e9e pour remettre le prix \u00e0 la laur\u00e9ate 2023. <\/p>\n\n\n\n<figure class=\"wp-block-image size-large\"><img loading=\"lazy\" decoding=\"async\" width=\"1024\" height=\"473\" src=\"http:\/\/www.ndclarte-plemet.fr\/wp-content\/uploads\/2023\/05\/20230310_114659-1024x473.jpg\" alt=\"\" class=\"wp-image-3135\" srcset=\"http:\/\/www.ndclarte-plemet.fr\/wp-content\/uploads\/2023\/05\/20230310_114659-1024x473.jpg 1024w, http:\/\/www.ndclarte-plemet.fr\/wp-content\/uploads\/2023\/05\/20230310_114659-300x139.jpg 300w, http:\/\/www.ndclarte-plemet.fr\/wp-content\/uploads\/2023\/05\/20230310_114659-1536x710.jpg 1536w, http:\/\/www.ndclarte-plemet.fr\/wp-content\/uploads\/2023\/05\/20230310_114659-2048x947.jpg 2048w\" sizes=\"auto, (max-width: 1024px) 100vw, 1024px\" \/><figcaption class=\"wp-element-caption\">A la remise du Prix Ados avec Delphine Pessin Laur\u00e9ate 2023<\/figcaption><\/figure>\n\n\n\n<p>Les \u00e9l\u00e8ves lui ont aussi fait un petit cadeau : ils lui ont pr\u00e9sent\u00e9 leur travail : la cr\u00e9ation d&rsquo;un Booktrailer (une bande d&rsquo;annonce pour pr\u00e9senter un livre) sur son roman. <\/p>\n\n\n\n<p><a href=\"https:\/\/www.powtoon.com\/online-presentation\/b7OXcOvr3Kg\/?mode=movie&amp;published_from=null#\/\" data-type=\"URL\" data-id=\"https:\/\/www.powtoon.com\/online-presentation\/b7OXcOvr3Kg\/?mode=movie&amp;published_from=null#\/\">https:\/\/www.powtoon.com\/online-presentation\/b7OXcOvr3Kg\/?mode=movie&amp;published_from=null#\/<\/a><\/p>\n\n\n\n<p><\/p>\n\n\n\n<p><strong>En mai<\/strong>, nous avons accueilli <strong>Pascal Reuter<\/strong>, auteur de \u00ab\u00a0Rewind\u00a0\u00bb s\u00e9lectionn\u00e9 pour le m\u00eame prix. Il a \u00e9chang\u00e9 avec les \u00e9l\u00e8ves de 3e sur sa pratique d&rsquo;\u00e9criture, son itin\u00e9raire cr\u00e9ateur. <\/p>\n\n\n\n<figure class=\"wp-block-image size-large\"><img loading=\"lazy\" decoding=\"async\" width=\"1024\" height=\"473\" src=\"http:\/\/www.ndclarte-plemet.fr\/wp-content\/uploads\/2023\/05\/20230512_135959-1024x473.jpg\" alt=\"\" class=\"wp-image-3141\" srcset=\"http:\/\/www.ndclarte-plemet.fr\/wp-content\/uploads\/2023\/05\/20230512_135959-1024x473.jpg 1024w, http:\/\/www.ndclarte-plemet.fr\/wp-content\/uploads\/2023\/05\/20230512_135959-300x139.jpg 300w, http:\/\/www.ndclarte-plemet.fr\/wp-content\/uploads\/2023\/05\/20230512_135959-1536x710.jpg 1536w, http:\/\/www.ndclarte-plemet.fr\/wp-content\/uploads\/2023\/05\/20230512_135959-2048x947.jpg 2048w\" sizes=\"auto, (max-width: 1024px) 100vw, 1024px\" \/><figcaption class=\"wp-element-caption\">Pascal Reuter intervenant devant les \u00e9l\u00e8ves de 3e du Coll\u00e8ge.<\/figcaption><\/figure>\n\n\n\n<p>Il a pu visionner lui aussi le booktrailer cr\u00e9\u00e9 pour son roman : <\/p>\n\n\n\n<p><a href=\"https:\/\/www.powtoon.com\/m\/dqaTLemZn0D\/1\/\" data-type=\"URL\" data-id=\"https:\/\/www.powtoon.com\/m\/dqaTLemZn0D\/1\/\" target=\"_blank\" rel=\"noreferrer noopener\">https:\/\/www.powtoon.com\/m\/dqaTLemZn0D\/1\/<\/a><\/p>\n\n\n\n<p>Nous avons profit\u00e9 de ce moment pour remettre aux trois meilleurs lecteurs de la classe deux livres de la s\u00e9lection de l&rsquo;ann\u00e9e derni\u00e8re !<\/p>\n\n\n\n<p>F\u00e9licitations \u00e0 tous les trois pour avoir lu les six livres de la s\u00e9lection !<\/p>\n\n\n\n<figure class=\"wp-block-image size-large\"><img loading=\"lazy\" decoding=\"async\" width=\"1024\" height=\"473\" src=\"http:\/\/www.ndclarte-plemet.fr\/wp-content\/uploads\/2023\/05\/20230512_152812-1024x473.jpg\" alt=\"\" class=\"wp-image-3142\" srcset=\"http:\/\/www.ndclarte-plemet.fr\/wp-content\/uploads\/2023\/05\/20230512_152812-1024x473.jpg 1024w, http:\/\/www.ndclarte-plemet.fr\/wp-content\/uploads\/2023\/05\/20230512_152812-300x139.jpg 300w, http:\/\/www.ndclarte-plemet.fr\/wp-content\/uploads\/2023\/05\/20230512_152812-1536x710.jpg 1536w, http:\/\/www.ndclarte-plemet.fr\/wp-content\/uploads\/2023\/05\/20230512_152812-2048x947.jpg 2048w\" sizes=\"auto, (max-width: 1024px) 100vw, 1024px\" \/><figcaption class=\"wp-element-caption\">Les \u00e9l\u00e8ves de 3e en compagnie de Pascal Reuter<\/figcaption><\/figure>\n","protected":false},"excerpt":{"rendered":"<p>Cette ann\u00e9e, dans le cadre du \u00ab\u00a0prix Ados du bassin de Loud\u00e9ac\u00a0\u00bb, organis\u00e9 par Loud\u00e9ac Communaut\u00e9 et les m\u00e9diath\u00e8ques du Bassin, nous avons eu l&rsquo;immense honneur de recevoir deux des \u00e9crivains s\u00e9lectionn\u00e9s pour ce prix. En mars, nous avons re\u00e7u Delphine Pessin, Laur\u00e9ate 2023, avec son roman \u00ab\u00a0Mon cheval de bataille\u00a0\u00bb. Pendant 1h30, Elle a [&hellip;]<\/p>\n","protected":false},"author":3,"featured_media":0,"comment_status":"closed","ping_status":"closed","sticky":false,"template":"","format":"standard","meta":{"footnotes":""},"categories":[1],"tags":[],"class_list":["post-3118","post","type-post","status-publish","format-standard","hentry","category-non-classe","entry"],"_links":{"self":[{"href":"http:\/\/www.ndclarte-plemet.fr\/index.php?rest_route=\/wp\/v2\/posts\/3118","targetHints":{"allow":["GET"]}}],"collection":[{"href":"http:\/\/www.ndclarte-plemet.fr\/index.php?rest_route=\/wp\/v2\/posts"}],"about":[{"href":"http:\/\/www.ndclarte-plemet.fr\/index.php?rest_route=\/wp\/v2\/types\/post"}],"author":[{"embeddable":true,"href":"http:\/\/www.ndclarte-plemet.fr\/index.php?rest_route=\/wp\/v2\/users\/3"}],"replies":[{"embeddable":true,"href":"http:\/\/www.ndclarte-plemet.fr\/index.php?rest_route=%2Fwp%2Fv2%2Fcomments&post=3118"}],"version-history":[{"count":3,"href":"http:\/\/www.ndclarte-plemet.fr\/index.php?rest_route=\/wp\/v2\/posts\/3118\/revisions"}],"predecessor-version":[{"id":3147,"href":"http:\/\/www.ndclarte-plemet.fr\/index.php?rest_route=\/wp\/v2\/posts\/3118\/revisions\/3147"}],"wp:attachment":[{"href":"http:\/\/www.ndclarte-plemet.fr\/index.php?rest_route=%2Fwp%2Fv2%2Fmedia&parent=3118"}],"wp:term":[{"taxonomy":"category","embeddable":true,"href":"http:\/\/www.ndclarte-plemet.fr\/index.php?rest_route=%2Fwp%2Fv2%2Fcategories&post=3118"},{"taxonomy":"post_tag","embeddable":true,"href":"http:\/\/www.ndclarte-plemet.fr\/index.php?rest_route=%2Fwp%2Fv2%2Ftags&post=3118"}],"curies":[{"name":"wp","href":"https:\/\/api.w.org\/{rel}","templated":true}]}}