{"id":3149,"date":"2023-06-20T10:25:37","date_gmt":"2023-06-20T09:25:37","guid":{"rendered":"http:\/\/www.ndclarte-plemet.fr\/?p=3149"},"modified":"2023-06-20T10:25:37","modified_gmt":"2023-06-20T09:25:37","slug":"theatre-au-college","status":"publish","type":"post","link":"http:\/\/www.ndclarte-plemet.fr\/?p=3149","title":{"rendered":"Th\u00e9\u00e2tre au Coll\u00e8ge"},"content":{"rendered":"\n<p>Vendredi soir, quatre com\u00e9diens volontaires ainsi que deux \u00e9l\u00e8ves, techniciens en herbe du son et de la lumi\u00e8re, issus des classes de 4<sup>e<\/sup>&nbsp;&nbsp;et de 3<sup>e<\/sup>, se sont produits, dans le r\u00e9fectoire r\u00e9am\u00e9nag\u00e9 pour l\u2019occasion, devant leurs camarades du Coll\u00e8ge l\u2019apr\u00e8s-midi et devant leur famille le soir pour pr\u00e9senter un spectacle intitul\u00e9 \u00ab&nbsp;Libert\u00e9&nbsp;\u00bb. Ce projet th\u00e9\u00e2tral a \u00e9t\u00e9 propos\u00e9 aux jeunes par Anne GAUTIER, professeur de fran\u00e7ais, avec pour seul mot d\u2019ordre&nbsp;: motivation&nbsp;!&nbsp;<\/p>\n\n\n\n<p>Tout au long de l\u2019ann\u00e9e, le petit groupe s\u2019est retrouv\u00e9 chaque semaine, pendant la r\u00e9cr\u00e9ation, mais \u00e9galement au cours de s\u00e9ances plus longues, hors temps scolaire, afin de travailler voix, mise en sc\u00e8ne et jeu d\u2019acteur. Les deux \u00e9l\u00e8ves techniciens ont rejoint la troupe lors des derni\u00e8res r\u00e9p\u00e9titions afin d\u2019assurer la synchronisation son, lumi\u00e8re et mise en sc\u00e8ne.&nbsp;<\/p>\n\n\n\n<p>Ce spectacle a convoqu\u00e9 tous les talents. En effet, un professeur a r\u00e9alis\u00e9 l\u2019\u00e9l\u00e9ment principal du d\u00e9cor\u00a0: une fen\u00eatre, tour \u00e0 tour ouverte et ferm\u00e9e symbolisant la libert\u00e9 ou l\u2019enfermement. Mme BESNARD, professeure documentaliste du Coll\u00e8ge, a apport\u00e9 son aide pr\u00e9cieuse pour la confection des nombreux costumes et pour la gestion des transitions en coulisse, lors du spectacle.<\/p>\n\n\n\n<p>Une aventure humaine pour un r\u00e9sultat exceptionnel. Les \u00e9l\u00e8ves se sont montr\u00e9s dou\u00e9s, justes et touchants dans leur interpr\u00e9tation, s\u00e9rieux et investis&nbsp;: ils ont r\u00e9pondu pr\u00e9sents aux exigences d\u2019un travail de th\u00e9\u00e2tre. Un vrai plaisir&nbsp;! Il y a fort \u00e0 parier qu\u2019apr\u00e8s un tel succ\u00e8s, l\u2019exp\u00e9rience sera renouvel\u00e9e l\u2019an prochain.<\/p>\n\n\n\n<figure class=\"wp-block-image size-large\"><img loading=\"lazy\" decoding=\"async\" width=\"1024\" height=\"768\" src=\"http:\/\/www.ndclarte-plemet.fr\/wp-content\/uploads\/2023\/06\/Theatre-juin-2023-1-1024x768.jpg\" alt=\"\" class=\"wp-image-3151\" srcset=\"http:\/\/www.ndclarte-plemet.fr\/wp-content\/uploads\/2023\/06\/Theatre-juin-2023-1-1024x768.jpg 1024w, http:\/\/www.ndclarte-plemet.fr\/wp-content\/uploads\/2023\/06\/Theatre-juin-2023-1-300x225.jpg 300w, http:\/\/www.ndclarte-plemet.fr\/wp-content\/uploads\/2023\/06\/Theatre-juin-2023-1-1536x1152.jpg 1536w, http:\/\/www.ndclarte-plemet.fr\/wp-content\/uploads\/2023\/06\/Theatre-juin-2023-1-2048x1536.jpg 2048w\" sizes=\"auto, (max-width: 1024px) 100vw, 1024px\" \/><\/figure>\n","protected":false},"excerpt":{"rendered":"<p>Vendredi soir, quatre com\u00e9diens volontaires ainsi que deux \u00e9l\u00e8ves, techniciens en herbe du son et de la lumi\u00e8re, issus des classes de 4e&nbsp;&nbsp;et de 3e, se sont produits, dans le r\u00e9fectoire r\u00e9am\u00e9nag\u00e9 pour l\u2019occasion, devant leurs camarades du Coll\u00e8ge l\u2019apr\u00e8s-midi et devant leur famille le soir pour pr\u00e9senter un spectacle intitul\u00e9 \u00ab&nbsp;Libert\u00e9&nbsp;\u00bb. Ce projet th\u00e9\u00e2tral [&hellip;]<\/p>\n","protected":false},"author":1,"featured_media":0,"comment_status":"closed","ping_status":"closed","sticky":false,"template":"","format":"standard","meta":{"footnotes":""},"categories":[1],"tags":[],"class_list":["post-3149","post","type-post","status-publish","format-standard","hentry","category-non-classe","entry"],"_links":{"self":[{"href":"http:\/\/www.ndclarte-plemet.fr\/index.php?rest_route=\/wp\/v2\/posts\/3149","targetHints":{"allow":["GET"]}}],"collection":[{"href":"http:\/\/www.ndclarte-plemet.fr\/index.php?rest_route=\/wp\/v2\/posts"}],"about":[{"href":"http:\/\/www.ndclarte-plemet.fr\/index.php?rest_route=\/wp\/v2\/types\/post"}],"author":[{"embeddable":true,"href":"http:\/\/www.ndclarte-plemet.fr\/index.php?rest_route=\/wp\/v2\/users\/1"}],"replies":[{"embeddable":true,"href":"http:\/\/www.ndclarte-plemet.fr\/index.php?rest_route=%2Fwp%2Fv2%2Fcomments&post=3149"}],"version-history":[{"count":1,"href":"http:\/\/www.ndclarte-plemet.fr\/index.php?rest_route=\/wp\/v2\/posts\/3149\/revisions"}],"predecessor-version":[{"id":3152,"href":"http:\/\/www.ndclarte-plemet.fr\/index.php?rest_route=\/wp\/v2\/posts\/3149\/revisions\/3152"}],"wp:attachment":[{"href":"http:\/\/www.ndclarte-plemet.fr\/index.php?rest_route=%2Fwp%2Fv2%2Fmedia&parent=3149"}],"wp:term":[{"taxonomy":"category","embeddable":true,"href":"http:\/\/www.ndclarte-plemet.fr\/index.php?rest_route=%2Fwp%2Fv2%2Fcategories&post=3149"},{"taxonomy":"post_tag","embeddable":true,"href":"http:\/\/www.ndclarte-plemet.fr\/index.php?rest_route=%2Fwp%2Fv2%2Ftags&post=3149"}],"curies":[{"name":"wp","href":"https:\/\/api.w.org\/{rel}","templated":true}]}}