{"id":3173,"date":"2023-11-10T11:41:36","date_gmt":"2023-11-10T10:41:36","guid":{"rendered":"http:\/\/www.ndclarte-plemet.fr\/?p=3173"},"modified":"2023-11-10T11:42:55","modified_gmt":"2023-11-10T10:42:55","slug":"visite-parc-eolien-baie-de-st-brieuc","status":"publish","type":"post","link":"http:\/\/www.ndclarte-plemet.fr\/?p=3173","title":{"rendered":"Visite Parc \u00e9olien Baie de St Brieuc"},"content":{"rendered":"\n<p>Le mardi 10 octobre, les \u00e9l\u00e8ves de 4<sup>e<\/sup> et de 3<sup>e<\/sup> se sont rendus dans la baie de Saint Brieuc le temps d\u2019une apr\u00e8s-midi afin de d\u00e9couvrir le parc \u00e9olien dont les travaux ont commenc\u00e9 en 2021.<\/p>\n\n\n\n<p>En effet, apr\u00e8s avoir embarqu\u00e9 sur le bateau et navigu\u00e9 sous un beau ciel bleu, ils ont pu observer le parc qui comptera 62 \u00e9oliennes lorsque le chantier sera termin\u00e9 en fin d\u2019ann\u00e9e. Ainsi, ce parc \u00e9olien, se trouvant \u00e0 16km du cap d\u2019Erquy, pourra couvrir environ 10% de la consommation \u00e9lectrique de la Bretagne.<\/p>\n\n\n\n<p>Les \u00e9l\u00e8ves ont appris diverses informations int\u00e9ressantes concernant ces \u00e9oliennes. Ils ont ainsi d\u00e9couvert que celles-ci faisaient&nbsp;207 m\u00e8tres de hauteur, une taille \u00e9quivalente \u00e0 celle de la Tour Montparnasse, \u00e0 Paris. De plus, les \u00e9oliennes se trouvent \u00e0 un kilom\u00e8tre de distance les unes des autres ce qui donne un parc s\u2019\u00e9tendant sur 75 km<sup>2<\/sup>.<\/p>\n\n\n\n<p>Le chemin du retour a \u00e9t\u00e9 marqu\u00e9 par l\u2019apparition de dauphins qui suivaient notre bateau, un beau moment pour clore cette journ\u00e9e riche en d\u00e9couvertes&nbsp;!<\/p>\n\n\n\n<figure class=\"wp-block-image size-large\"><img loading=\"lazy\" decoding=\"async\" width=\"1024\" height=\"768\" src=\"http:\/\/www.ndclarte-plemet.fr\/wp-content\/uploads\/2023\/11\/Eol-1-1024x768.jpg\" alt=\"\" class=\"wp-image-3174\" srcset=\"http:\/\/www.ndclarte-plemet.fr\/wp-content\/uploads\/2023\/11\/Eol-1-1024x768.jpg 1024w, http:\/\/www.ndclarte-plemet.fr\/wp-content\/uploads\/2023\/11\/Eol-1-300x225.jpg 300w, http:\/\/www.ndclarte-plemet.fr\/wp-content\/uploads\/2023\/11\/Eol-1-1536x1152.jpg 1536w, http:\/\/www.ndclarte-plemet.fr\/wp-content\/uploads\/2023\/11\/Eol-1-2048x1536.jpg 2048w\" sizes=\"auto, (max-width: 1024px) 100vw, 1024px\" \/><\/figure>\n\n\n\n<figure class=\"wp-block-image size-large\"><img loading=\"lazy\" decoding=\"async\" width=\"1024\" height=\"768\" src=\"http:\/\/www.ndclarte-plemet.fr\/wp-content\/uploads\/2023\/11\/Eol-2-1024x768.jpg\" alt=\"\" class=\"wp-image-3175\" srcset=\"http:\/\/www.ndclarte-plemet.fr\/wp-content\/uploads\/2023\/11\/Eol-2-1024x768.jpg 1024w, http:\/\/www.ndclarte-plemet.fr\/wp-content\/uploads\/2023\/11\/Eol-2-300x225.jpg 300w, http:\/\/www.ndclarte-plemet.fr\/wp-content\/uploads\/2023\/11\/Eol-2-1536x1152.jpg 1536w, http:\/\/www.ndclarte-plemet.fr\/wp-content\/uploads\/2023\/11\/Eol-2-2048x1536.jpg 2048w\" sizes=\"auto, (max-width: 1024px) 100vw, 1024px\" \/><\/figure>\n\n\n\n<figure class=\"wp-block-image size-large\"><img loading=\"lazy\" decoding=\"async\" width=\"1024\" height=\"768\" src=\"http:\/\/www.ndclarte-plemet.fr\/wp-content\/uploads\/2023\/11\/Eol-3-1024x768.jpg\" alt=\"\" class=\"wp-image-3176\" srcset=\"http:\/\/www.ndclarte-plemet.fr\/wp-content\/uploads\/2023\/11\/Eol-3-1024x768.jpg 1024w, http:\/\/www.ndclarte-plemet.fr\/wp-content\/uploads\/2023\/11\/Eol-3-300x225.jpg 300w, http:\/\/www.ndclarte-plemet.fr\/wp-content\/uploads\/2023\/11\/Eol-3-1536x1152.jpg 1536w, http:\/\/www.ndclarte-plemet.fr\/wp-content\/uploads\/2023\/11\/Eol-3-2048x1536.jpg 2048w\" sizes=\"auto, (max-width: 1024px) 100vw, 1024px\" \/><\/figure>\n\n\n\n<figure class=\"wp-block-image size-large\"><img loading=\"lazy\" decoding=\"async\" width=\"1024\" height=\"768\" src=\"http:\/\/www.ndclarte-plemet.fr\/wp-content\/uploads\/2023\/11\/Eol-4-1024x768.jpg\" alt=\"\" class=\"wp-image-3177\" srcset=\"http:\/\/www.ndclarte-plemet.fr\/wp-content\/uploads\/2023\/11\/Eol-4-1024x768.jpg 1024w, http:\/\/www.ndclarte-plemet.fr\/wp-content\/uploads\/2023\/11\/Eol-4-300x225.jpg 300w, http:\/\/www.ndclarte-plemet.fr\/wp-content\/uploads\/2023\/11\/Eol-4-1536x1152.jpg 1536w, http:\/\/www.ndclarte-plemet.fr\/wp-content\/uploads\/2023\/11\/Eol-4-2048x1536.jpg 2048w\" sizes=\"auto, (max-width: 1024px) 100vw, 1024px\" \/><\/figure>\n\n\n\n<figure class=\"wp-block-image size-large\"><img loading=\"lazy\" decoding=\"async\" width=\"1024\" height=\"768\" src=\"http:\/\/www.ndclarte-plemet.fr\/wp-content\/uploads\/2023\/11\/Eol-5-1024x768.jpg\" alt=\"\" class=\"wp-image-3180\" srcset=\"http:\/\/www.ndclarte-plemet.fr\/wp-content\/uploads\/2023\/11\/Eol-5-1024x768.jpg 1024w, http:\/\/www.ndclarte-plemet.fr\/wp-content\/uploads\/2023\/11\/Eol-5-300x225.jpg 300w, http:\/\/www.ndclarte-plemet.fr\/wp-content\/uploads\/2023\/11\/Eol-5-1536x1152.jpg 1536w, http:\/\/www.ndclarte-plemet.fr\/wp-content\/uploads\/2023\/11\/Eol-5-2048x1536.jpg 2048w\" sizes=\"auto, (max-width: 1024px) 100vw, 1024px\" \/><\/figure>\n","protected":false},"excerpt":{"rendered":"<p>Le mardi 10 octobre, les \u00e9l\u00e8ves de 4e et de 3e se sont rendus dans la baie de Saint Brieuc le temps d\u2019une apr\u00e8s-midi afin de d\u00e9couvrir le parc \u00e9olien dont les travaux ont commenc\u00e9 en 2021. En effet, apr\u00e8s avoir embarqu\u00e9 sur le bateau et navigu\u00e9 sous un beau ciel bleu, ils ont pu [&hellip;]<\/p>\n","protected":false},"author":1,"featured_media":0,"comment_status":"closed","ping_status":"closed","sticky":false,"template":"","format":"standard","meta":{"footnotes":""},"categories":[1],"tags":[],"class_list":["post-3173","post","type-post","status-publish","format-standard","hentry","category-non-classe","entry"],"_links":{"self":[{"href":"http:\/\/www.ndclarte-plemet.fr\/index.php?rest_route=\/wp\/v2\/posts\/3173","targetHints":{"allow":["GET"]}}],"collection":[{"href":"http:\/\/www.ndclarte-plemet.fr\/index.php?rest_route=\/wp\/v2\/posts"}],"about":[{"href":"http:\/\/www.ndclarte-plemet.fr\/index.php?rest_route=\/wp\/v2\/types\/post"}],"author":[{"embeddable":true,"href":"http:\/\/www.ndclarte-plemet.fr\/index.php?rest_route=\/wp\/v2\/users\/1"}],"replies":[{"embeddable":true,"href":"http:\/\/www.ndclarte-plemet.fr\/index.php?rest_route=%2Fwp%2Fv2%2Fcomments&post=3173"}],"version-history":[{"count":3,"href":"http:\/\/www.ndclarte-plemet.fr\/index.php?rest_route=\/wp\/v2\/posts\/3173\/revisions"}],"predecessor-version":[{"id":3181,"href":"http:\/\/www.ndclarte-plemet.fr\/index.php?rest_route=\/wp\/v2\/posts\/3173\/revisions\/3181"}],"wp:attachment":[{"href":"http:\/\/www.ndclarte-plemet.fr\/index.php?rest_route=%2Fwp%2Fv2%2Fmedia&parent=3173"}],"wp:term":[{"taxonomy":"category","embeddable":true,"href":"http:\/\/www.ndclarte-plemet.fr\/index.php?rest_route=%2Fwp%2Fv2%2Fcategories&post=3173"},{"taxonomy":"post_tag","embeddable":true,"href":"http:\/\/www.ndclarte-plemet.fr\/index.php?rest_route=%2Fwp%2Fv2%2Ftags&post=3173"}],"curies":[{"name":"wp","href":"https:\/\/api.w.org\/{rel}","templated":true}]}}