{"id":3715,"date":"2024-10-04T15:49:59","date_gmt":"2024-10-04T14:49:59","guid":{"rendered":"http:\/\/www.ndclarte-plemet.fr\/?p=3715"},"modified":"2024-10-04T15:49:59","modified_gmt":"2024-10-04T14:49:59","slug":"inauguration-de-la-mosaique","status":"publish","type":"post","link":"http:\/\/www.ndclarte-plemet.fr\/?p=3715","title":{"rendered":"Inauguration de la mosa\u00efque !"},"content":{"rendered":"\n<h2 class=\"wp-block-heading\">L&rsquo;atelier du CDI \u00e0 l&rsquo;honneur<\/h2>\n\n\n\n<p>Vendredi 4 octobre sur la pause m\u00e9ridienne, le voile a \u00e9t\u00e9 lev\u00e9. Les \u00e9l\u00e8ves et les professeurs rassembl\u00e9s ont pu admirer le travail de l&rsquo;atelier Mosa\u00efque termin\u00e9 et accroch\u00e9 !<\/p>\n\n\n\n<p>Depuis janvier 2024 un groupe d&rsquo;une dizaine d&rsquo;\u00e9l\u00e8ves s&rsquo;est retrouv\u00e9 le midi pour concevoir, dessiner, casser le carrelage (donn\u00e9 par des professeurs et \u00e9l\u00e8ves) et reproduire sur un support rigide (offert par un parent d&rsquo;\u00e9l\u00e8ve que l&rsquo;on remercie chaleureusement) le projet. <\/p>\n\n\n\n<p>Des comp\u00e9tences transversales mises en oeuvre et d\u00e9velopp\u00e9es dans ce projet ont \u00e9t\u00e9 : la collaboration, l&rsquo;esprit d&rsquo;\u00e9quipe, la capacit\u00e9 \u00e0 s&rsquo;organiser, l&rsquo;agilit\u00e9 manuelle, l&rsquo;autonomie. Des comp\u00e9tences qui leur seront n\u00e9cessaires tout au long de la vie ! Une belle aventure ! <\/p>\n\n\n\n<figure class=\"wp-block-image size-full\"><img loading=\"lazy\" decoding=\"async\" width=\"793\" height=\"421\" src=\"http:\/\/www.ndclarte-plemet.fr\/wp-content\/uploads\/2024\/10\/Mosaique-1.jpg\" alt=\"\" class=\"wp-image-3717\" srcset=\"http:\/\/www.ndclarte-plemet.fr\/wp-content\/uploads\/2024\/10\/Mosaique-1.jpg 793w, http:\/\/www.ndclarte-plemet.fr\/wp-content\/uploads\/2024\/10\/Mosaique-1-300x159.jpg 300w\" sizes=\"auto, (max-width: 793px) 100vw, 793px\" \/><\/figure>\n","protected":false},"excerpt":{"rendered":"<p>L&rsquo;atelier du CDI \u00e0 l&rsquo;honneur Vendredi 4 octobre sur la pause m\u00e9ridienne, le voile a \u00e9t\u00e9 lev\u00e9. Les \u00e9l\u00e8ves et les professeurs rassembl\u00e9s ont pu admirer le travail de l&rsquo;atelier Mosa\u00efque termin\u00e9 et accroch\u00e9 ! Depuis janvier 2024 un groupe d&rsquo;une dizaine d&rsquo;\u00e9l\u00e8ves s&rsquo;est retrouv\u00e9 le midi pour concevoir, dessiner, casser le carrelage (donn\u00e9 par [&hellip;]<\/p>\n","protected":false},"author":3,"featured_media":0,"comment_status":"closed","ping_status":"closed","sticky":false,"template":"","format":"standard","meta":{"footnotes":""},"categories":[1],"tags":[],"class_list":["post-3715","post","type-post","status-publish","format-standard","hentry","category-non-classe","entry"],"_links":{"self":[{"href":"http:\/\/www.ndclarte-plemet.fr\/index.php?rest_route=\/wp\/v2\/posts\/3715","targetHints":{"allow":["GET"]}}],"collection":[{"href":"http:\/\/www.ndclarte-plemet.fr\/index.php?rest_route=\/wp\/v2\/posts"}],"about":[{"href":"http:\/\/www.ndclarte-plemet.fr\/index.php?rest_route=\/wp\/v2\/types\/post"}],"author":[{"embeddable":true,"href":"http:\/\/www.ndclarte-plemet.fr\/index.php?rest_route=\/wp\/v2\/users\/3"}],"replies":[{"embeddable":true,"href":"http:\/\/www.ndclarte-plemet.fr\/index.php?rest_route=%2Fwp%2Fv2%2Fcomments&post=3715"}],"version-history":[{"count":1,"href":"http:\/\/www.ndclarte-plemet.fr\/index.php?rest_route=\/wp\/v2\/posts\/3715\/revisions"}],"predecessor-version":[{"id":3718,"href":"http:\/\/www.ndclarte-plemet.fr\/index.php?rest_route=\/wp\/v2\/posts\/3715\/revisions\/3718"}],"wp:attachment":[{"href":"http:\/\/www.ndclarte-plemet.fr\/index.php?rest_route=%2Fwp%2Fv2%2Fmedia&parent=3715"}],"wp:term":[{"taxonomy":"category","embeddable":true,"href":"http:\/\/www.ndclarte-plemet.fr\/index.php?rest_route=%2Fwp%2Fv2%2Fcategories&post=3715"},{"taxonomy":"post_tag","embeddable":true,"href":"http:\/\/www.ndclarte-plemet.fr\/index.php?rest_route=%2Fwp%2Fv2%2Ftags&post=3715"}],"curies":[{"name":"wp","href":"https:\/\/api.w.org\/{rel}","templated":true}]}}