{"id":4107,"date":"2025-04-05T19:55:04","date_gmt":"2025-04-05T18:55:04","guid":{"rendered":"http:\/\/www.ndclarte-plemet.fr\/?p=4107"},"modified":"2025-04-05T19:55:04","modified_gmt":"2025-04-05T18:55:04","slug":"voyage-a-paris","status":"publish","type":"post","link":"http:\/\/www.ndclarte-plemet.fr\/?p=4107","title":{"rendered":"Voyage \u00e0 Paris"},"content":{"rendered":"\n<p>Le carnet de note du professeur d&rsquo;Histoire-G\u00e9ogaphie ! <\/p>\n\n\n\n<h1 class=\"wp-block-heading\"><strong>Voyage scolaire \u00e0 Paris : quatre jours de d\u00e9couvertes avec les 6e et 5e<\/strong><\/h1>\n\n\n\n<p>Du lundi au jeudi, les \u00e9l\u00e8ves de 6e et de 5e ont eu la chance de d\u00e9couvrir la capitale fran\u00e7aise \u00e0 travers un programme riche en visites et en exp\u00e9riences marquantes. Retour sur ces quatre jours d\u2019exploration entre histoire, culture et science.<\/p>\n\n\n\n<h2 class=\"wp-block-heading\"><strong>Lundi : Premiers pas \u00e0 Paris<\/strong><\/h2>\n\n\n\n<p>Notre aventure a commenc\u00e9 t\u00f4t le lundi matin, \u00e0 bord du car qui nous a men\u00e9s jusqu\u2019\u00e0 Paris. Notre premi\u00e8re halte a eu lieu \u00e0 <strong>l\u2019a\u00e9roport Roissy-Charles de Gaulle<\/strong>, o\u00f9 nous avons effectu\u00e9 une visite guid\u00e9e en car des infrastructures a\u00e9roportuaires. Les \u00e9l\u00e8ves ont pu observer les pistes, les hangars et les nombreuses installations techniques qui permettent \u00e0 l\u2019un des plus grands a\u00e9roports d\u2019Europe de fonctionner.<\/p>\n\n\n\n<p>Nous avons ensuite rejoint notre h\u00e9bergement \u00e0 la <strong>R\u00e9sidence Internationale<\/strong>, situ\u00e9e du c\u00f4t\u00e9 de Montreuil, pour y d\u00e9poser nos affaires. Sans perdre de temps, nous avons pris le m\u00e9tro en direction de la <strong>Seine<\/strong>, une premi\u00e8re exp\u00e9rience pour de nombreux \u00e9l\u00e8ves. Un bagage abandonn\u00e9 nous a oblig\u00e9s \u00e0 descendre avant notre arr\u00eat, nous offrant ainsi une belle marche \u00e0 travers le <strong>Champ-de-Mars<\/strong> avec une vue magnifique sur la <strong>Tour Eiffel<\/strong>.<\/p>\n\n\n\n<p>L\u2019apr\u00e8s-midi s\u2019est poursuivi par une croisi\u00e8re en <strong>bateau-mouche<\/strong>, une exp\u00e9rience qui a enchant\u00e9 les \u00e9l\u00e8ves, leur permettant d\u2019admirer les monuments parisiens depuis la Seine. Apr\u00e8s cette promenade sur l\u2019eau, nous avons rejoint <strong>l\u2019esplanade du Trocad\u00e9ro<\/strong>, offrant l\u2019un des plus beaux panoramas de Paris sur la Dame de Fer.<\/p>\n\n\n\n<h2 class=\"wp-block-heading\"><strong>Mardi : Du sport et des sciences<\/strong><\/h2>\n\n\n\n<p>Mardi matin, d\u00e9part en car pour une visite tr\u00e8s attendue : celle du <strong>Stade de France<\/strong>. Les \u00e9l\u00e8ves ont d\u00e9couvert les coulisses de ce lieu embl\u00e9matique du sport fran\u00e7ais : vestiaires des joueurs, tunnel d\u2019entr\u00e9e sur le terrain, tribunes\u2026 Une immersion qui a impressionn\u00e9 tout le monde !<\/p>\n\n\n\n<p>Nous avons ensuite pris la direction de la <strong>Cit\u00e9 des Sciences et de l\u2019Industrie<\/strong>, \u00e0 la Villette. Apr\u00e8s une visite libre des expositions interactives, nous avons assist\u00e9 \u00e0 une <strong>conf\u00e9rence sur l&rsquo;importance du sommeil<\/strong> au Plan\u00e9tarium, avant d\u2019explorer <strong>l\u2019Argonaute<\/strong>, un ancien sous-marin de la Marine nationale. Les \u00e9l\u00e8ves ont pu se glisser dans les espaces restreints des marins et mieux comprendre la vie \u00e0 bord.<\/p>\n\n\n\n<h2 class=\"wp-block-heading\"><strong>Mercredi : \u00c0 la d\u00e9couverte de l\u2019histoire de France et des merveilles de la nature<\/strong><\/h2>\n\n\n\n<p>La matin\u00e9e a d\u00e9but\u00e9 avec une mont\u00e9e au sommet de <strong>l\u2019Arc de Triomphe<\/strong>, place de l\u2019\u00c9toile. De l\u00e0-haut, une vue imprenable sur Paris nous a permis d\u2019expliquer aux \u00e9l\u00e8ves les monuments environnants. De retour sur terre, nous avons abord\u00e9 l\u2019histoire de <strong>Napol\u00e9on Bonaparte<\/strong>, l\u2019initiateur de ce monument, ainsi que la signification de la <strong>tombe du Soldat inconnu<\/strong>, situ\u00e9e sous l\u2019Arc.<\/p>\n\n\n\n<p>Nous avons ensuite descendu la plus c\u00e9l\u00e8bre avenue de Paris : <strong>les Champs-\u00c9lys\u00e9es<\/strong>. En chemin, nous sommes pass\u00e9s pr\u00e8s du <strong>Palais de l\u2019\u00c9lys\u00e9e<\/strong>, o\u00f9 un important dispositif de s\u00e9curit\u00e9 \u00e9tait en place en raison de la visite officielle du pr\u00e9sident de l\u2019Ouzb\u00e9kistan. \u00c0 cette occasion, nous avons pu apercevoir la <strong>Garde r\u00e9publicaine<\/strong>, ce qui a beaucoup impressionn\u00e9 les \u00e9l\u00e8ves.<\/p>\n\n\n\n<p>Arriv\u00e9s <strong>place de la Concorde<\/strong>, nous avons fait une halte devant l\u2019<strong>H\u00f4tel de Crillon<\/strong>, o\u00f9 une mannequin<strong> en plein shooting nous a salu\u00e9s \u00e0 deux reprises<\/strong> \u2013 une premi\u00e8re fois \u00e0 l\u2019entr\u00e9e de l\u2019h\u00f4tel, puis plus tard depuis le balcon, sous les regards \u00e9tonn\u00e9s des \u00e9l\u00e8ves ! Nous avons ensuite observ\u00e9 et comment\u00e9 la grande ob\u00e9lisque avant de prendre le m\u00e9tro pour nous rendre au Jardin des Plantes.<\/p>\n\n\n\n<p>Apr\u00e8s une courte promenade dans le jardin, nous avons visit\u00e9 la Grande Galerie de l\u2019\u00c9volution. Les \u00e9l\u00e8ves ont b\u00e9n\u00e9fici\u00e9 d\u2019une visite libre de presque deux heures, leur permettant d\u2019explorer \u00e0 leur rythme les diff\u00e9rentes expositions consacr\u00e9es \u00e0 la biodiversit\u00e9 et \u00e0 l\u2019\u00e9volution des esp\u00e8ces. Ce moment a \u00e9t\u00e9 particuli\u00e8rement appr\u00e9ci\u00e9 par les \u00e9l\u00e8ves, fascin\u00e9s par les nombreuses reconstitutions et sp\u00e9cimens expos\u00e9s. Apr\u00e8s cette plong\u00e9e dans l\u2019histoire de France et de l&rsquo;\u00e9volution de la vie, retour en m\u00e9tro pour une soir\u00e9e bien m\u00e9rit\u00e9e !<\/p>\n\n\n\n<h2 class=\"wp-block-heading\"><strong>Jeudi : Patrimoine et retour en Bretagne<\/strong><\/h2>\n\n\n\n<p>Pour notre dernier jour, nous avons visit\u00e9 un lieu charg\u00e9 d\u2019histoire et de m\u00e9moire : <strong>le cimeti\u00e8re du P\u00e8re-Lachaise<\/strong>. En parcourant ses all\u00e9es, nous avons d\u00e9couvert les tombes de grandes figures comme <strong>Moli\u00e8re, La Fontaine<\/strong> et <strong>\u00c9dith Piaf<\/strong>.<\/p>\n\n\n\n<p>La matin\u00e9e s\u2019est poursuivie avec une visite de <strong>Notre-Dame de Paris<\/strong>. Malgr\u00e9 l&rsquo;affluence et des travaux de restauration toujours en cours, nous avons eu la chance de pouvoir y entrer avec les \u00e9l\u00e8ves et d\u2019admirer l\u2019int\u00e9rieur de cette cath\u00e9drale mythique. Apr\u00e8s cette visite, en nous rendant vers le car qui devait nous r\u00e9cup\u00e9rer, nous avons crois\u00e9 le <strong>cort\u00e8ge diplomatique du pr\u00e9sident ouzbek<\/strong>, accompagn\u00e9 de motards en grande tenue. La rue \u00e9tait bloqu\u00e9e, et le cort\u00e8ge est pass\u00e9 juste \u00e0 c\u00f4t\u00e9 de nous, offrant aux \u00e9l\u00e8ves une sc\u00e8ne inhabituelle et marquante. Ce sont les merveilleux al\u00e9as d&rsquo;une visite \u00e0 Paris.<\/p>\n\n\n\n<p>Derni\u00e8re \u00e9tape de notre p\u00e9riple : <strong>l\u2019Op\u00e9ra Garnier<\/strong>. Ce chef-d\u2019\u0153uvre architectural a \u00e9merveill\u00e9 les \u00e9l\u00e8ves par ses d\u00e9cors somptueux, la majest\u00e9 de son grand escalier, de sa salle d&rsquo;attente. Cependant, en raison de r\u00e9p\u00e9titions en cours, nous n\u2019avons malheureusement pas pu acc\u00e9der \u00e0 la salle principale de l\u2019Op\u00e9ra.<\/p>\n\n\n\n<p>Apr\u00e8s ces ultimes d\u00e9couvertes, il \u00e9tait temps de reprendre la route. <strong>D\u00e9part de Paris en direction de Pl\u00e9met<\/strong>, la t\u00eate remplie de souvenirs inoubliables.<\/p>\n\n\n\n<p>Ce voyage restera un moment fort de l\u2019ann\u00e9e scolaire, permettant aux \u00e9l\u00e8ves d\u2019apprendre autrement, de s\u2019ouvrir \u00e0 la culture et de mieux comprendre le patrimoine fran\u00e7ais. Il servira aussi en de nombreuses occasions au cours du programme d&rsquo;histoire, de sciences, tout au long du coll\u00e8ge.<\/p>\n\n\n\n<p><\/p>\n","protected":false},"excerpt":{"rendered":"<p>Le carnet de note du professeur d&rsquo;Histoire-G\u00e9ogaphie ! Voyage scolaire \u00e0 Paris : quatre jours de d\u00e9couvertes avec les 6e et 5e Du lundi au jeudi, les \u00e9l\u00e8ves de 6e et de 5e ont eu la chance de d\u00e9couvrir la capitale fran\u00e7aise \u00e0 travers un programme riche en visites et en exp\u00e9riences marquantes. Retour sur [&hellip;]<\/p>\n","protected":false},"author":3,"featured_media":0,"comment_status":"closed","ping_status":"closed","sticky":false,"template":"","format":"standard","meta":{"footnotes":""},"categories":[1],"tags":[],"class_list":["post-4107","post","type-post","status-publish","format-standard","hentry","category-non-classe","entry"],"_links":{"self":[{"href":"http:\/\/www.ndclarte-plemet.fr\/index.php?rest_route=\/wp\/v2\/posts\/4107","targetHints":{"allow":["GET"]}}],"collection":[{"href":"http:\/\/www.ndclarte-plemet.fr\/index.php?rest_route=\/wp\/v2\/posts"}],"about":[{"href":"http:\/\/www.ndclarte-plemet.fr\/index.php?rest_route=\/wp\/v2\/types\/post"}],"author":[{"embeddable":true,"href":"http:\/\/www.ndclarte-plemet.fr\/index.php?rest_route=\/wp\/v2\/users\/3"}],"replies":[{"embeddable":true,"href":"http:\/\/www.ndclarte-plemet.fr\/index.php?rest_route=%2Fwp%2Fv2%2Fcomments&post=4107"}],"version-history":[{"count":1,"href":"http:\/\/www.ndclarte-plemet.fr\/index.php?rest_route=\/wp\/v2\/posts\/4107\/revisions"}],"predecessor-version":[{"id":4108,"href":"http:\/\/www.ndclarte-plemet.fr\/index.php?rest_route=\/wp\/v2\/posts\/4107\/revisions\/4108"}],"wp:attachment":[{"href":"http:\/\/www.ndclarte-plemet.fr\/index.php?rest_route=%2Fwp%2Fv2%2Fmedia&parent=4107"}],"wp:term":[{"taxonomy":"category","embeddable":true,"href":"http:\/\/www.ndclarte-plemet.fr\/index.php?rest_route=%2Fwp%2Fv2%2Fcategories&post=4107"},{"taxonomy":"post_tag","embeddable":true,"href":"http:\/\/www.ndclarte-plemet.fr\/index.php?rest_route=%2Fwp%2Fv2%2Ftags&post=4107"}],"curies":[{"name":"wp","href":"https:\/\/api.w.org\/{rel}","templated":true}]}}