{"id":4132,"date":"2025-12-09T15:12:14","date_gmt":"2025-12-09T14:12:14","guid":{"rendered":"http:\/\/www.ndclarte-plemet.fr\/?p=4132"},"modified":"2025-12-09T15:12:14","modified_gmt":"2025-12-09T14:12:14","slug":"visite-de-la-carriere-de-saint-lubin","status":"publish","type":"post","link":"http:\/\/www.ndclarte-plemet.fr\/?p=4132","title":{"rendered":"Visite de la carri\u00e8re de Saint-Lubin"},"content":{"rendered":"\n<p><strong>D\u00e9couverte de la fosse&#8230; gigantesque !<\/strong><\/p>\n\n\n\n<p>C&rsquo;est par un temps propice \u00e0 une escapade que les \u00e9l\u00e8ves de 3\u00e8 du coll\u00e8ge Notre Dame de la<br>Clart\u00e9 ont rejoint Anne Lessard, charg\u00e9e de communication de l&rsquo;entreprise Lessard, pour d\u00e9couvrir<br>la carri\u00e8re de Saint Lubin.<br>Les \u00e9l\u00e8ves ont \u00e9t\u00e9 saisis par le gigantisme de la fosse o\u00f9 \u00e9voluent les \u00ab dumpers \u00bb ou tombereaux.<br>\u00ab Vue d&rsquo;en haut, on dirait des jouets ! \u00bb s&rsquo;exclame un \u00e9l\u00e8ve. Mais lorsque ces engins s&rsquo;approchent et<br>remontent pour vider les 60 tonnes de roches contenues dans chaque benne, leurs tailles<br>impressionnent.<br>Comme l&rsquo;explique Mme Lessard, environ 5000 tonnes de roches peuvent \u00eatre remont\u00e9es et trait\u00e9es<br>par jour. C&rsquo;est une production tr\u00e8s importante !<\/p>\n\n\n\n<figure class=\"wp-block-image size-large is-resized\"><img loading=\"lazy\" decoding=\"async\" width=\"1024\" height=\"771\" src=\"http:\/\/www.ndclarte-plemet.fr\/wp-content\/uploads\/2025\/10\/IMG_20251007_153101912_MFNR-2-1024x771.jpg\" alt=\"\" class=\"wp-image-4137\" style=\"width:805px;height:auto\" srcset=\"http:\/\/www.ndclarte-plemet.fr\/wp-content\/uploads\/2025\/10\/IMG_20251007_153101912_MFNR-2-1024x771.jpg 1024w, http:\/\/www.ndclarte-plemet.fr\/wp-content\/uploads\/2025\/10\/IMG_20251007_153101912_MFNR-2-300x226.jpg 300w, http:\/\/www.ndclarte-plemet.fr\/wp-content\/uploads\/2025\/10\/IMG_20251007_153101912_MFNR-2-1536x1157.jpg 1536w, http:\/\/www.ndclarte-plemet.fr\/wp-content\/uploads\/2025\/10\/IMG_20251007_153101912_MFNR-2-2048x1542.jpg 2048w\" sizes=\"auto, (max-width: 1024px) 100vw, 1024px\" \/><figcaption class=\"wp-element-caption\">Les 3e du coll\u00e8ge Notre Dame de la Clart\u00e9, en visite \u00e0 la carri\u00e8re de Saint-Lubin, le 7 octobre 2025 accompagn\u00e9s <br>de leur professeur d&rsquo;Histoire-G\u00e9ographie, Mr Poumar\u00e8de et de leur professeur principal, Mr Guillaume.<\/figcaption><\/figure>\n\n\n\n<h3 class=\"wp-block-heading\">Du granulat, on en a besoin partout : pour faire les routes, le terrassement des maisons, les voies ferr\u00e9es, la composition du b\u00e9ton\u2026 Omnipr\u00e9sent dans notre quotidien, nous en consommons environ 6 tonnes par habitant et par an, soit plus de 15 kg par jour.<\/h3>\n\n\n\n<p>Apr\u00e8s la dynamite, une fois la roche remont\u00e9e, le gros du travail consiste ensuite \u00e0 la concasser<br>pour obtenir des granulats de diff\u00e9rentes tailles, qui seront ensuite utilis\u00e9s partout en Bretagne dans<br>diff\u00e9rents travaux de voirie.<\/p>\n\n\n\n<p><strong>Une visite inscrite dans le parcours Avenir des \u00e9l\u00e8ves<\/strong><\/p>\n\n\n\n<p>Cette visite p\u00e9dagogique a permis aux \u00e9l\u00e8ves de s&rsquo;ouvrir \u00e0 la d\u00e9couverte de leur environnement proche, de comprendre les tenants et les aboutissants de l&rsquo;exploitation d&rsquo;une carri\u00e8re avec la multitude de m\u00e9tiers qui l&rsquo;accompagne.<br>L&rsquo;objectif \u00e9tant toujours le m\u00eame, sortir de temps en temps du coll\u00e8ge pour mieux comprendre<br>l&rsquo;environnement qui nous entoure. Il y a tellement de choses \u00e0 d\u00e9couvrir ! <\/p>\n\n\n\n<p class=\"has-text-align-right\">Ronan Guillaume, professeur principal des 3e <\/p>\n\n\n\n<p><\/p>\n\n\n\n<p><\/p>\n","protected":false},"excerpt":{"rendered":"<p>D\u00e9couverte de la fosse&#8230; gigantesque ! C&rsquo;est par un temps propice \u00e0 une escapade que les \u00e9l\u00e8ves de 3\u00e8 du coll\u00e8ge Notre Dame de laClart\u00e9 ont rejoint Anne Lessard, charg\u00e9e de communication de l&rsquo;entreprise Lessard, pour d\u00e9couvrirla carri\u00e8re de Saint Lubin.Les \u00e9l\u00e8ves ont \u00e9t\u00e9 saisis par le gigantisme de la fosse o\u00f9 \u00e9voluent les \u00ab [&hellip;]<\/p>\n","protected":false},"author":3,"featured_media":0,"comment_status":"closed","ping_status":"closed","sticky":false,"template":"","format":"standard","meta":{"footnotes":""},"categories":[1],"tags":[],"class_list":["post-4132","post","type-post","status-publish","format-standard","hentry","category-non-classe","entry"],"_links":{"self":[{"href":"http:\/\/www.ndclarte-plemet.fr\/index.php?rest_route=\/wp\/v2\/posts\/4132","targetHints":{"allow":["GET"]}}],"collection":[{"href":"http:\/\/www.ndclarte-plemet.fr\/index.php?rest_route=\/wp\/v2\/posts"}],"about":[{"href":"http:\/\/www.ndclarte-plemet.fr\/index.php?rest_route=\/wp\/v2\/types\/post"}],"author":[{"embeddable":true,"href":"http:\/\/www.ndclarte-plemet.fr\/index.php?rest_route=\/wp\/v2\/users\/3"}],"replies":[{"embeddable":true,"href":"http:\/\/www.ndclarte-plemet.fr\/index.php?rest_route=%2Fwp%2Fv2%2Fcomments&post=4132"}],"version-history":[{"count":3,"href":"http:\/\/www.ndclarte-plemet.fr\/index.php?rest_route=\/wp\/v2\/posts\/4132\/revisions"}],"predecessor-version":[{"id":4155,"href":"http:\/\/www.ndclarte-plemet.fr\/index.php?rest_route=\/wp\/v2\/posts\/4132\/revisions\/4155"}],"wp:attachment":[{"href":"http:\/\/www.ndclarte-plemet.fr\/index.php?rest_route=%2Fwp%2Fv2%2Fmedia&parent=4132"}],"wp:term":[{"taxonomy":"category","embeddable":true,"href":"http:\/\/www.ndclarte-plemet.fr\/index.php?rest_route=%2Fwp%2Fv2%2Fcategories&post=4132"},{"taxonomy":"post_tag","embeddable":true,"href":"http:\/\/www.ndclarte-plemet.fr\/index.php?rest_route=%2Fwp%2Fv2%2Ftags&post=4132"}],"curies":[{"name":"wp","href":"https:\/\/api.w.org\/{rel}","templated":true}]}}